{"id":10176,"date":"2025-07-25T13:54:01","date_gmt":"2025-07-25T11:54:01","guid":{"rendered":"https:\/\/www.winet.ch\/?p=10176"},"modified":"2025-07-25T13:54:01","modified_gmt":"2025-07-25T11:54:01","slug":"fachkraeftemangel-in-der-ict-branche","status":"publish","type":"post","link":"https:\/\/www.winet.ch\/en\/2025\/07\/fachkraeftemangel-in-der-ict-branche\/","title":{"rendered":"Skills shortage in the ICT sector"},"content":{"rendered":"<div class=\"fusion-fullwidth fullwidth-box fusion-builder-row-1 nonhundred-percent-fullwidth non-hundred-percent-height-scrolling\" style=\"--awb-border-radius-top-left:0px;--awb-border-radius-top-right:0px;--awb-border-radius-bottom-right:0px;--awb-border-radius-bottom-left:0px;--awb-flex-wrap:wrap;\" ><div class=\"fusion-builder-row fusion-row\"><div class=\"fusion-layout-column fusion_builder_column fusion-builder-column-0 fusion_builder_column_1_1 1_1 fusion-one-full fusion-column-first fusion-column-last\" style=\"--awb-bg-size:cover;\"><div class=\"fusion-column-wrapper fusion-column-has-shadow fusion-flex-column-wrapper-legacy\"><div class=\"fusion-text fusion-text-1\" style=\"--awb-text-transform:none;\"><p><b>Skills shortage in the ICT sector<\/b><\/p>\n<p>The shortage of IT specialists not only reveals the weaknesses in the education system, but also places a massive burden on training companies. They bear the full cost of external training courses and have to develop the examination project themselves. They are also responsible for submitting and conducting the examinations for assessment, while they have to rely on an expert to accompany the examination.<br \/>\nWithout sufficient government support and incentives for companies to create apprenticeships, the sector will remain under pressure. A reform is urgently needed to increase the attractiveness of IT professions and secure the future of the sector and Switzerland's position.<\/p>\n<p>#ITraining #Skills shortage #Education reform #Corporate responsibility<\/p>\n<\/div><div class=\"fusion-clearfix\"><\/div><\/div><\/div><\/div><\/div>","protected":false},"excerpt":{"rendered":"","protected":false},"author":1,"featured_media":10177,"comment_status":"open","ping_status":"closed","sticky":false,"template":"","format":"standard","meta":{"_acf_changed":false,"inline_featured_image":false,"footnotes":""},"categories":[35],"tags":[54],"class_list":["post-10176","post","type-post","status-publish","format-standard","has-post-thumbnail","hentry","category-aktuelles","tag-aktuelles"],"acf":[],"yoast_head":"<!-- This site is optimized with the Yoast SEO Premium plugin v27.4 (Yoast SEO v27.4) - https:\/\/yoast.com\/product\/yoast-seo-premium-wordpress\/ -->\n<title>Fachkr\u00e4ftemangel in der ICT-Branche<\/title>\n<meta name=\"description\" content=\"Mit unseren Partnern das zuk\u00fcnftige Preismodell f\u00fcr die Ayrix erarbeiten. Wir freuen uns auf einen spannenden Austausch.\" \/>\n<meta name=\"robots\" content=\"index, follow, max-snippet:-1, max-image-preview:large, max-video-preview:-1\" \/>\n<link rel=\"canonical\" href=\"https:\/\/www.winet.ch\/en\/2025\/07\/fachkraeftemangel-in-der-ict-branche\/\" \/>\n<meta property=\"og:locale\" content=\"en_US\" \/>\n<meta property=\"og:type\" content=\"article\" \/>\n<meta property=\"og:title\" content=\"Fachkr\u00e4ftemangel in der ICT-Branche\" \/>\n<meta property=\"og:description\" content=\"Mit unseren Partnern das zuk\u00fcnftige Preismodell f\u00fcr die Ayrix erarbeiten. Wir freuen uns auf einen spannenden Austausch.\" \/>\n<meta property=\"og:url\" content=\"https:\/\/www.winet.ch\/en\/2025\/07\/fachkraeftemangel-in-der-ict-branche\/\" \/>\n<meta property=\"og:site_name\" content=\"Winet\" \/>\n<meta property=\"article:published_time\" content=\"2025-07-25T11:54:01+00:00\" \/>\n<meta property=\"og:image\" content=\"https:\/\/www.winet.ch\/wp-content\/uploads\/2025\/07\/Bildung-am-Limit-1024x1024.png\" \/>\n\t<meta property=\"og:image:width\" content=\"1024\" \/>\n\t<meta property=\"og:image:height\" content=\"1024\" \/>\n\t<meta property=\"og:image:type\" content=\"image\/png\" \/>\n<meta name=\"author\" content=\"admin\" \/>\n<meta name=\"twitter:card\" content=\"summary_large_image\" \/>\n<meta name=\"twitter:label1\" content=\"Written by\" \/>\n\t<meta name=\"twitter:data1\" content=\"admin\" \/>\n\t<meta name=\"twitter:label2\" content=\"Est. reading time\" \/>\n\t<meta name=\"twitter:data2\" content=\"1 minute\" \/>\n<script type=\"application\/ld+json\" class=\"yoast-schema-graph\">{\"@context\":\"https:\\\/\\\/schema.org\",\"@graph\":[{\"@type\":\"Article\",\"@id\":\"https:\\\/\\\/www.winet.ch\\\/2025\\\/07\\\/fachkraeftemangel-in-der-ict-branche\\\/#article\",\"isPartOf\":{\"@id\":\"https:\\\/\\\/www.winet.ch\\\/2025\\\/07\\\/fachkraeftemangel-in-der-ict-branche\\\/\"},\"author\":{\"name\":\"admin\",\"@id\":\"https:\\\/\\\/www.winet.ch\\\/#\\\/schema\\\/person\\\/5ab8eb0ebd0d6cdcd9311430a37401d3\"},\"headline\":\"Fachkr\u00e4ftemangel in der ICT-Branche\",\"datePublished\":\"2025-07-25T11:54:01+00:00\",\"mainEntityOfPage\":{\"@id\":\"https:\\\/\\\/www.winet.ch\\\/2025\\\/07\\\/fachkraeftemangel-in-der-ict-branche\\\/\"},\"wordCount\":587,\"commentCount\":0,\"image\":{\"@id\":\"https:\\\/\\\/www.winet.ch\\\/2025\\\/07\\\/fachkraeftemangel-in-der-ict-branche\\\/#primaryimage\"},\"thumbnailUrl\":\"https:\\\/\\\/www.winet.ch\\\/wp-content\\\/uploads\\\/2025\\\/07\\\/Bildung-am-Limit.png\",\"keywords\":[\"Aktuelles\"],\"articleSection\":[\"Aktuelles\"],\"inLanguage\":\"en-US\",\"potentialAction\":[{\"@type\":\"CommentAction\",\"name\":\"Comment\",\"target\":[\"https:\\\/\\\/www.winet.ch\\\/2025\\\/07\\\/fachkraeftemangel-in-der-ict-branche\\\/#respond\"]}]},{\"@type\":\"WebPage\",\"@id\":\"https:\\\/\\\/www.winet.ch\\\/2025\\\/07\\\/fachkraeftemangel-in-der-ict-branche\\\/\",\"url\":\"https:\\\/\\\/www.winet.ch\\\/2025\\\/07\\\/fachkraeftemangel-in-der-ict-branche\\\/\",\"name\":\"Fachkr\u00e4ftemangel in der ICT-Branche\",\"isPartOf\":{\"@id\":\"https:\\\/\\\/www.winet.ch\\\/#website\"},\"primaryImageOfPage\":{\"@id\":\"https:\\\/\\\/www.winet.ch\\\/2025\\\/07\\\/fachkraeftemangel-in-der-ict-branche\\\/#primaryimage\"},\"image\":{\"@id\":\"https:\\\/\\\/www.winet.ch\\\/2025\\\/07\\\/fachkraeftemangel-in-der-ict-branche\\\/#primaryimage\"},\"thumbnailUrl\":\"https:\\\/\\\/www.winet.ch\\\/wp-content\\\/uploads\\\/2025\\\/07\\\/Bildung-am-Limit.png\",\"datePublished\":\"2025-07-25T11:54:01+00:00\",\"author\":{\"@id\":\"https:\\\/\\\/www.winet.ch\\\/#\\\/schema\\\/person\\\/5ab8eb0ebd0d6cdcd9311430a37401d3\"},\"description\":\"Mit unseren Partnern das zuk\u00fcnftige Preismodell f\u00fcr die Ayrix erarbeiten. Wir freuen uns auf einen spannenden Austausch.\",\"breadcrumb\":{\"@id\":\"https:\\\/\\\/www.winet.ch\\\/2025\\\/07\\\/fachkraeftemangel-in-der-ict-branche\\\/#breadcrumb\"},\"inLanguage\":\"en-US\",\"potentialAction\":[{\"@type\":\"ReadAction\",\"target\":[\"https:\\\/\\\/www.winet.ch\\\/2025\\\/07\\\/fachkraeftemangel-in-der-ict-branche\\\/\"]}]},{\"@type\":\"ImageObject\",\"inLanguage\":\"en-US\",\"@id\":\"https:\\\/\\\/www.winet.ch\\\/2025\\\/07\\\/fachkraeftemangel-in-der-ict-branche\\\/#primaryimage\",\"url\":\"https:\\\/\\\/www.winet.ch\\\/wp-content\\\/uploads\\\/2025\\\/07\\\/Bildung-am-Limit.png\",\"contentUrl\":\"https:\\\/\\\/www.winet.ch\\\/wp-content\\\/uploads\\\/2025\\\/07\\\/Bildung-am-Limit.png\",\"width\":2025,\"height\":2025},{\"@type\":\"BreadcrumbList\",\"@id\":\"https:\\\/\\\/www.winet.ch\\\/2025\\\/07\\\/fachkraeftemangel-in-der-ict-branche\\\/#breadcrumb\",\"itemListElement\":[{\"@type\":\"ListItem\",\"position\":1,\"name\":\"Home\",\"item\":\"https:\\\/\\\/www.winet.ch\\\/\"},{\"@type\":\"ListItem\",\"position\":2,\"name\":\"Fachkr\u00e4ftemangel in der ICT-Branche\"}]},{\"@type\":\"WebSite\",\"@id\":\"https:\\\/\\\/www.winet.ch\\\/#website\",\"url\":\"https:\\\/\\\/www.winet.ch\\\/\",\"name\":\"Winet\",\"description\":\"The VoIP Professionals.\",\"potentialAction\":[{\"@type\":\"SearchAction\",\"target\":{\"@type\":\"EntryPoint\",\"urlTemplate\":\"https:\\\/\\\/www.winet.ch\\\/?s={search_term_string}\"},\"query-input\":{\"@type\":\"PropertyValueSpecification\",\"valueRequired\":true,\"valueName\":\"search_term_string\"}}],\"inLanguage\":\"en-US\"},{\"@type\":\"Person\",\"@id\":\"https:\\\/\\\/www.winet.ch\\\/#\\\/schema\\\/person\\\/5ab8eb0ebd0d6cdcd9311430a37401d3\",\"name\":\"admin\",\"image\":{\"@type\":\"ImageObject\",\"inLanguage\":\"en-US\",\"@id\":\"https:\\\/\\\/secure.gravatar.com\\\/avatar\\\/ea801cddd227fee3f00009a14dbb979dd574df9e0fa22c9c4f285022a9fe1104?s=96&d=mm&r=g\",\"url\":\"https:\\\/\\\/secure.gravatar.com\\\/avatar\\\/ea801cddd227fee3f00009a14dbb979dd574df9e0fa22c9c4f285022a9fe1104?s=96&d=mm&r=g\",\"contentUrl\":\"https:\\\/\\\/secure.gravatar.com\\\/avatar\\\/ea801cddd227fee3f00009a14dbb979dd574df9e0fa22c9c4f285022a9fe1104?s=96&d=mm&r=g\",\"caption\":\"admin\"},\"url\":\"https:\\\/\\\/www.winet.ch\\\/en\\\/author\\\/chris_wr762217\\\/\"}]}<\/script>\n<!-- \/ Yoast SEO Premium plugin. -->","yoast_head_json":{"title":"Skills shortage in the ICT sector","description":"Developing the future pricing model for Ayrix with our partners. We are looking forward to an exciting exchange.","robots":{"index":"index","follow":"follow","max-snippet":"max-snippet:-1","max-image-preview":"max-image-preview:large","max-video-preview":"max-video-preview:-1"},"canonical":"https:\/\/www.winet.ch\/en\/2025\/07\/fachkraeftemangel-in-der-ict-branche\/","og_locale":"en_US","og_type":"article","og_title":"Fachkr\u00e4ftemangel in der ICT-Branche","og_description":"Mit unseren Partnern das zuk\u00fcnftige Preismodell f\u00fcr die Ayrix erarbeiten. Wir freuen uns auf einen spannenden Austausch.","og_url":"https:\/\/www.winet.ch\/en\/2025\/07\/fachkraeftemangel-in-der-ict-branche\/","og_site_name":"Winet","article_published_time":"2025-07-25T11:54:01+00:00","og_image":[{"width":1024,"height":1024,"url":"https:\/\/www.winet.ch\/wp-content\/uploads\/2025\/07\/Bildung-am-Limit-1024x1024.png","type":"image\/png"}],"author":"admin","twitter_card":"summary_large_image","twitter_misc":{"Written by":"admin","Est. reading time":"1 minute"},"schema":{"@context":"https:\/\/schema.org","@graph":[{"@type":"Article","@id":"https:\/\/www.winet.ch\/2025\/07\/fachkraeftemangel-in-der-ict-branche\/#article","isPartOf":{"@id":"https:\/\/www.winet.ch\/2025\/07\/fachkraeftemangel-in-der-ict-branche\/"},"author":{"name":"admin","@id":"https:\/\/www.winet.ch\/#\/schema\/person\/5ab8eb0ebd0d6cdcd9311430a37401d3"},"headline":"Fachkr\u00e4ftemangel in der ICT-Branche","datePublished":"2025-07-25T11:54:01+00:00","mainEntityOfPage":{"@id":"https:\/\/www.winet.ch\/2025\/07\/fachkraeftemangel-in-der-ict-branche\/"},"wordCount":587,"commentCount":0,"image":{"@id":"https:\/\/www.winet.ch\/2025\/07\/fachkraeftemangel-in-der-ict-branche\/#primaryimage"},"thumbnailUrl":"https:\/\/www.winet.ch\/wp-content\/uploads\/2025\/07\/Bildung-am-Limit.png","keywords":["Aktuelles"],"articleSection":["Aktuelles"],"inLanguage":"en-US","potentialAction":[{"@type":"CommentAction","name":"Comment","target":["https:\/\/www.winet.ch\/2025\/07\/fachkraeftemangel-in-der-ict-branche\/#respond"]}]},{"@type":"WebPage","@id":"https:\/\/www.winet.ch\/2025\/07\/fachkraeftemangel-in-der-ict-branche\/","url":"https:\/\/www.winet.ch\/2025\/07\/fachkraeftemangel-in-der-ict-branche\/","name":"Skills shortage in the ICT sector","isPartOf":{"@id":"https:\/\/www.winet.ch\/#website"},"primaryImageOfPage":{"@id":"https:\/\/www.winet.ch\/2025\/07\/fachkraeftemangel-in-der-ict-branche\/#primaryimage"},"image":{"@id":"https:\/\/www.winet.ch\/2025\/07\/fachkraeftemangel-in-der-ict-branche\/#primaryimage"},"thumbnailUrl":"https:\/\/www.winet.ch\/wp-content\/uploads\/2025\/07\/Bildung-am-Limit.png","datePublished":"2025-07-25T11:54:01+00:00","author":{"@id":"https:\/\/www.winet.ch\/#\/schema\/person\/5ab8eb0ebd0d6cdcd9311430a37401d3"},"description":"Developing the future pricing model for Ayrix with our partners. We are looking forward to an exciting exchange.","breadcrumb":{"@id":"https:\/\/www.winet.ch\/2025\/07\/fachkraeftemangel-in-der-ict-branche\/#breadcrumb"},"inLanguage":"en-US","potentialAction":[{"@type":"ReadAction","target":["https:\/\/www.winet.ch\/2025\/07\/fachkraeftemangel-in-der-ict-branche\/"]}]},{"@type":"ImageObject","inLanguage":"en-US","@id":"https:\/\/www.winet.ch\/2025\/07\/fachkraeftemangel-in-der-ict-branche\/#primaryimage","url":"https:\/\/www.winet.ch\/wp-content\/uploads\/2025\/07\/Bildung-am-Limit.png","contentUrl":"https:\/\/www.winet.ch\/wp-content\/uploads\/2025\/07\/Bildung-am-Limit.png","width":2025,"height":2025},{"@type":"BreadcrumbList","@id":"https:\/\/www.winet.ch\/2025\/07\/fachkraeftemangel-in-der-ict-branche\/#breadcrumb","itemListElement":[{"@type":"ListItem","position":1,"name":"Home","item":"https:\/\/www.winet.ch\/"},{"@type":"ListItem","position":2,"name":"Fachkr\u00e4ftemangel in der ICT-Branche"}]},{"@type":"WebSite","@id":"https:\/\/www.winet.ch\/#website","url":"https:\/\/www.winet.ch\/","name":"Winet","description":"The VoIP Professionals.","potentialAction":[{"@type":"SearchAction","target":{"@type":"EntryPoint","urlTemplate":"https:\/\/www.winet.ch\/?s={search_term_string}"},"query-input":{"@type":"PropertyValueSpecification","valueRequired":true,"valueName":"search_term_string"}}],"inLanguage":"en-US"},{"@type":"Person","@id":"https:\/\/www.winet.ch\/#\/schema\/person\/5ab8eb0ebd0d6cdcd9311430a37401d3","name":"admin","image":{"@type":"ImageObject","inLanguage":"en-US","@id":"https:\/\/secure.gravatar.com\/avatar\/ea801cddd227fee3f00009a14dbb979dd574df9e0fa22c9c4f285022a9fe1104?s=96&d=mm&r=g","url":"https:\/\/secure.gravatar.com\/avatar\/ea801cddd227fee3f00009a14dbb979dd574df9e0fa22c9c4f285022a9fe1104?s=96&d=mm&r=g","contentUrl":"https:\/\/secure.gravatar.com\/avatar\/ea801cddd227fee3f00009a14dbb979dd574df9e0fa22c9c4f285022a9fe1104?s=96&d=mm&r=g","caption":"admin"},"url":"https:\/\/www.winet.ch\/en\/author\/chris_wr762217\/"}]}},"_links":{"self":[{"href":"https:\/\/www.winet.ch\/en\/wp-json\/wp\/v2\/posts\/10176","targetHints":{"allow":["GET"]}}],"collection":[{"href":"https:\/\/www.winet.ch\/en\/wp-json\/wp\/v2\/posts"}],"about":[{"href":"https:\/\/www.winet.ch\/en\/wp-json\/wp\/v2\/types\/post"}],"author":[{"embeddable":true,"href":"https:\/\/www.winet.ch\/en\/wp-json\/wp\/v2\/users\/1"}],"replies":[{"embeddable":true,"href":"https:\/\/www.winet.ch\/en\/wp-json\/wp\/v2\/comments?post=10176"}],"version-history":[{"count":0,"href":"https:\/\/www.winet.ch\/en\/wp-json\/wp\/v2\/posts\/10176\/revisions"}],"wp:featuredmedia":[{"embeddable":true,"href":"https:\/\/www.winet.ch\/en\/wp-json\/wp\/v2\/media\/10177"}],"wp:attachment":[{"href":"https:\/\/www.winet.ch\/en\/wp-json\/wp\/v2\/media?parent=10176"}],"wp:term":[{"taxonomy":"category","embeddable":true,"href":"https:\/\/www.winet.ch\/en\/wp-json\/wp\/v2\/categories?post=10176"},{"taxonomy":"post_tag","embeddable":true,"href":"https:\/\/www.winet.ch\/en\/wp-json\/wp\/v2\/tags?post=10176"}],"curies":[{"name":"wp","href":"https:\/\/api.w.org\/{rel}","templated":true}]}}